{"id":13674,"date":"2023-08-15T09:32:26","date_gmt":"2023-08-15T09:32:26","guid":{"rendered":"https:\/\/iluminacionnatural.artesolar.com\/el-poder-del-sol\/"},"modified":"2026-04-16T08:28:04","modified_gmt":"2026-04-16T08:28:04","slug":"el-poder-del-sol","status":"publish","type":"post","link":"https:\/\/iluminacionnatural.artesolar.com\/en\/el-poder-del-sol\/","title":{"rendered":"The power of the Sun"},"content":{"rendered":"\t\t<div data-elementor-type=\"wp-post\" data-elementor-id=\"13674\" class=\"elementor elementor-13674 elementor-8385\" data-elementor-post-type=\"post\">\n\t\t\t\t\t\t<section class=\"elementor-section elementor-top-section elementor-element elementor-element-74a788f1 elementor-section-full_width elementor-section-height-min-height elementor-section-height-default elementor-section-items-middle\" data-id=\"74a788f1\" data-element_type=\"section\" data-e-type=\"section\" data-settings=\"{&quot;background_background&quot;:&quot;slideshow&quot;,&quot;background_slideshow_gallery&quot;:[{&quot;id&quot;:12021,&quot;url&quot;:&quot;https:\\\/\\\/iluminacionnatural.artesolar.com\\\/wp-content\\\/uploads\\\/2023\\\/08\\\/Luminaria-LED-con-luz-ultravioleta.jpg&quot;}],&quot;background_slideshow_ken_burns&quot;:&quot;yes&quot;,&quot;background_slideshow_loop&quot;:&quot;yes&quot;,&quot;background_slideshow_slide_duration&quot;:5000,&quot;background_slideshow_slide_transition&quot;:&quot;fade&quot;,&quot;background_slideshow_transition_duration&quot;:500,&quot;background_slideshow_ken_burns_zoom_direction&quot;:&quot;in&quot;}\">\n\t\t\t\t\t\t\t<div class=\"elementor-background-overlay\"><\/div>\n\t\t\t\t\t\t\t<div class=\"elementor-container elementor-column-gap-default\">\n\t\t\t\t\t<div class=\"elementor-column elementor-col-100 elementor-top-column elementor-element elementor-element-16b3e9c3\" data-id=\"16b3e9c3\" data-element_type=\"column\" data-e-type=\"column\">\n\t\t\t<div class=\"elementor-widget-wrap\">\n\t\t\t\t\t\t\t<\/div>\n\t\t<\/div>\n\t\t\t\t\t<\/div>\n\t\t<\/section>\n\t\t\t\t<section class=\"elementor-section elementor-top-section elementor-element elementor-element-4a5f8df7 elementor-section-boxed elementor-section-height-default elementor-section-height-default\" data-id=\"4a5f8df7\" data-element_type=\"section\" data-e-type=\"section\">\n\t\t\t\t\t\t<div class=\"elementor-container elementor-column-gap-default\">\n\t\t\t\t\t<div class=\"elementor-column elementor-col-100 elementor-top-column elementor-element elementor-element-32cacc55\" data-id=\"32cacc55\" data-element_type=\"column\" data-e-type=\"column\">\n\t\t\t<div class=\"elementor-widget-wrap elementor-element-populated\">\n\t\t\t\t\t\t<div class=\"elementor-element elementor-element-3ade7d2e elementor-widget__width-initial elementor-widget elementor-widget-heading\" data-id=\"3ade7d2e\" data-element_type=\"widget\" data-e-type=\"widget\" data-widget_type=\"heading.default\">\n\t\t\t\t<div class=\"elementor-widget-container\">\n\t\t\t\t\t<h2 class=\"elementor-heading-title elementor-size-default\"><b>The power of the Sun<\/b><\/h2>\t\t\t\t<\/div>\n\t\t\t\t<\/div>\n\t\t\t\t<section class=\"elementor-section elementor-inner-section elementor-element elementor-element-268c465b elementor-section-boxed elementor-section-height-default elementor-section-height-default\" data-id=\"268c465b\" data-element_type=\"section\" data-e-type=\"section\">\n\t\t\t\t\t\t<div class=\"elementor-container elementor-column-gap-default\">\n\t\t\t\t\t<div class=\"elementor-column elementor-col-100 elementor-inner-column elementor-element elementor-element-33317e6\" data-id=\"33317e6\" data-element_type=\"column\" data-e-type=\"column\">\n\t\t\t<div class=\"elementor-widget-wrap elementor-element-populated\">\n\t\t\t\t\t\t<div class=\"elementor-element elementor-element-a7964d9 elementor-widget__width-initial elementor-widget elementor-widget-text-editor\" data-id=\"a7964d9\" data-element_type=\"widget\" data-e-type=\"widget\" data-widget_type=\"text-editor.default\">\n\t\t\t\t<div class=\"elementor-widget-container\">\n\t\t\t\t\t\t\t\t\t<h4>The Sun is our source of energy, on which life on this planet depends directly and indirectly&#8230; but how much energy does the Sun reach us? Could we make better use of it?<\/h4>\t\t\t\t\t\t\t\t<\/div>\n\t\t\t\t<\/div>\n\t\t\t\t\t<\/div>\n\t\t<\/div>\n\t\t\t\t\t<\/div>\n\t\t<\/section>\n\t\t\t\t\t<\/div>\n\t\t<\/div>\n\t\t\t\t\t<\/div>\n\t\t<\/section>\n\t\t\t\t<section class=\"elementor-section elementor-top-section elementor-element elementor-element-4a73c8ac elementor-section-boxed elementor-section-height-default elementor-section-height-default\" data-id=\"4a73c8ac\" data-element_type=\"section\" data-e-type=\"section\">\n\t\t\t\t\t\t<div class=\"elementor-container elementor-column-gap-default\">\n\t\t\t\t\t<div class=\"elementor-column elementor-col-100 elementor-top-column elementor-element elementor-element-57d64773\" data-id=\"57d64773\" data-element_type=\"column\" data-e-type=\"column\">\n\t\t\t<div class=\"elementor-widget-wrap elementor-element-populated\">\n\t\t\t\t\t\t<div class=\"elementor-element elementor-element-53146ff elementor-widget elementor-widget-heading\" data-id=\"53146ff\" data-element_type=\"widget\" data-e-type=\"widget\" data-widget_type=\"heading.default\">\n\t\t\t\t<div class=\"elementor-widget-container\">\n\t\t\t\t\t<h2 class=\"elementor-heading-title elementor-size-default\">Let's have a look at some numbers<\/h2>\t\t\t\t<\/div>\n\t\t\t\t<\/div>\n\t\t\t\t<div class=\"elementor-element elementor-element-3c9959f elementor-widget elementor-widget-text-editor\" data-id=\"3c9959f\" data-element_type=\"widget\" data-e-type=\"widget\" data-widget_type=\"text-editor.default\">\n\t\t\t\t<div class=\"elementor-widget-container\">\n\t\t\t\t\t\t\t\t\t<p>Every second the Sun converts 700 million tons of Hydrogen into Helium, reaching temperatures above 15 million degrees.<\/p><p>In this process of nuclear fusion, an energy of 4&#215;10<sup>23<\/sup> kJ is generated every second&#8230; <strong>more than the energy consumed by mankind from its origin to the present day. <\/strong><span style=\"color: var( --e-global-color-57e5d6e ); font-family: var( --e-global-typography-text-font-family ), Sans-serif; font-size: var( --e-global-typography-text-font-size ); font-weight: var( --e-global-typography-text-font-weight ); letter-spacing: var(--letter-spacing);\">However, as long as we do not build a Dyson sphere &#8211; and it does not seem that this will happen in the short term &#8211; only a small fraction of this energy will reach the Earth.<\/span><\/p>\t\t\t\t\t\t\t\t<\/div>\n\t\t\t\t<\/div>\n\t\t\t\t\t<\/div>\n\t\t<\/div>\n\t\t\t\t\t<\/div>\n\t\t<\/section>\n\t\t\t\t<section class=\"elementor-section elementor-top-section elementor-element elementor-element-1f21e42 elementor-section-boxed elementor-section-height-default elementor-section-height-default\" data-id=\"1f21e42\" data-element_type=\"section\" data-e-type=\"section\">\n\t\t\t\t\t\t<div class=\"elementor-container elementor-column-gap-default\">\n\t\t\t\t\t<div class=\"elementor-column elementor-col-66 elementor-top-column elementor-element elementor-element-2036cd0\" data-id=\"2036cd0\" data-element_type=\"column\" data-e-type=\"column\">\n\t\t\t<div class=\"elementor-widget-wrap elementor-element-populated\">\n\t\t\t\t\t\t<div class=\"elementor-element elementor-element-afe3632 elementor-widget elementor-widget-heading\" data-id=\"afe3632\" data-element_type=\"widget\" data-e-type=\"widget\" data-widget_type=\"heading.default\">\n\t\t\t\t<div class=\"elementor-widget-container\">\n\t\t\t\t\t<h2 class=\"elementor-heading-title elementor-size-default\">The Solar constant<\/h2>\t\t\t\t<\/div>\n\t\t\t\t<\/div>\n\t\t\t\t<div class=\"elementor-element elementor-element-b209207 elementor-widget elementor-widget-text-editor\" data-id=\"b209207\" data-element_type=\"widget\" data-e-type=\"widget\" data-widget_type=\"text-editor.default\">\n\t\t\t\t<div class=\"elementor-widget-container\">\n\t\t\t\t\t\t\t\t\t<p>The energy received from the Sun varies each day, among other factors due to the elliptical orbit of the Earth, although by convention we say that about <strong>1.400 W\/m<\/strong><span style=\"font-size: 12px; line-height: 0; position: relative; vertical-align: baseline; top: -0.5em;\"><b>2&nbsp;<\/b><\/span>reach the atmosphere: this is the <a style=\"background-color: #ffffff; font-family: Poppins, sans-serif;\" href=\"https:\/\/es.wikipedia.org\/wiki\/Constante_solar\" target=\"_blank\" rel=\"noopener\"><em>solar constant<\/em><\/a>.<\/p><p>However, in the atmosphere there are a series of absorptions and reflections -such as UVC in ozone- that cause only <strong>about half<\/strong> of this amount to <strong>reach the earth&#8217;s surface<\/strong>.<\/p><p>In the graph we can see the spectrum of the radiation reaching the outer atmosphere (yellow) and the Earth&#8217;s surface (red), compared to that of the black body at 5.250C.<\/p>\t\t\t\t\t\t\t\t<\/div>\n\t\t\t\t<\/div>\n\t\t\t\t\t<\/div>\n\t\t<\/div>\n\t\t\t\t<div class=\"elementor-column elementor-col-33 elementor-top-column elementor-element elementor-element-aefc956\" data-id=\"aefc956\" data-element_type=\"column\" data-e-type=\"column\">\n\t\t\t<div class=\"elementor-widget-wrap elementor-element-populated\">\n\t\t\t\t\t\t<div class=\"elementor-element elementor-element-8633ccf elementor-widget__width-initial elementor-widget elementor-widget-image\" data-id=\"8633ccf\" data-element_type=\"widget\" data-e-type=\"widget\" data-widget_type=\"image.default\">\n\t\t\t\t<div class=\"elementor-widget-container\">\n\t\t\t\t\t\t\t\t\t\t\t\t\t\t\t<img fetchpriority=\"high\" decoding=\"async\" width=\"800\" height=\"543\" src=\"https:\/\/iluminacionnatural.artesolar.com\/wp-content\/uploads\/2023\/08\/Recurso-Espectro-solar.png\" class=\"attachment-large size-large wp-image-12159\" alt=\"\" srcset=\"https:\/\/iluminacionnatural.artesolar.com\/wp-content\/uploads\/2023\/08\/Recurso-Espectro-solar.png 800w, https:\/\/iluminacionnatural.artesolar.com\/wp-content\/uploads\/2023\/08\/Recurso-Espectro-solar-300x204.png 300w, https:\/\/iluminacionnatural.artesolar.com\/wp-content\/uploads\/2023\/08\/Recurso-Espectro-solar-768x521.png 768w\" sizes=\"(max-width: 800px) 100vw, 800px\" \/>\t\t\t\t\t\t\t\t\t\t\t\t\t\t\t<\/div>\n\t\t\t\t<\/div>\n\t\t\t\t\t<\/div>\n\t\t<\/div>\n\t\t\t\t\t<\/div>\n\t\t<\/section>\n\t\t\t\t<section class=\"elementor-section elementor-top-section elementor-element elementor-element-4c037b5 elementor-section-boxed elementor-section-height-default elementor-section-height-default\" data-id=\"4c037b5\" data-element_type=\"section\" data-e-type=\"section\">\n\t\t\t\t\t\t<div class=\"elementor-container elementor-column-gap-default\">\n\t\t\t\t\t<div class=\"elementor-column elementor-col-66 elementor-top-column elementor-element elementor-element-d0d42bc\" data-id=\"d0d42bc\" data-element_type=\"column\" data-e-type=\"column\">\n\t\t\t<div class=\"elementor-widget-wrap\">\n\t\t\t\t\t\t\t<\/div>\n\t\t<\/div>\n\t\t\t\t<div class=\"elementor-column elementor-col-33 elementor-top-column elementor-element elementor-element-ced1e0e\" data-id=\"ced1e0e\" data-element_type=\"column\" data-e-type=\"column\">\n\t\t\t<div class=\"elementor-widget-wrap elementor-element-populated\">\n\t\t\t\t\t\t<div class=\"elementor-element elementor-element-c711922 elementor-widget elementor-widget-heading\" data-id=\"c711922\" data-element_type=\"widget\" data-e-type=\"widget\" data-widget_type=\"heading.default\">\n\t\t\t\t<div class=\"elementor-widget-container\">\n\t\t\t\t\t<h3 class=\"elementor-heading-title elementor-size-default\">Did you know that...<\/h3>\t\t\t\t<\/div>\n\t\t\t\t<\/div>\n\t\t\t\t<div class=\"elementor-element elementor-element-0b15b37 elementor-widget elementor-widget-text-editor\" data-id=\"0b15b37\" data-element_type=\"widget\" data-e-type=\"widget\" data-widget_type=\"text-editor.default\">\n\t\t\t\t<div class=\"elementor-widget-container\">\n\t\t\t\t\t\t\t\t\t<h4>A photon created in the interior of the Sun needs 100.000 years to reach the surface, and from there only 8 minutes to reach us.<\/h4>\t\t\t\t\t\t\t\t<\/div>\n\t\t\t\t<\/div>\n\t\t\t\t\t<\/div>\n\t\t<\/div>\n\t\t\t\t\t<\/div>\n\t\t<\/section>\n\t\t\t\t<section class=\"elementor-section elementor-top-section elementor-element elementor-element-88c32be elementor-section-boxed elementor-section-height-default elementor-section-height-default\" data-id=\"88c32be\" data-element_type=\"section\" data-e-type=\"section\">\n\t\t\t\t\t\t<div class=\"elementor-container elementor-column-gap-default\">\n\t\t\t\t\t<div class=\"elementor-column elementor-col-33 elementor-top-column elementor-element elementor-element-89ec54f\" data-id=\"89ec54f\" data-element_type=\"column\" data-e-type=\"column\">\n\t\t\t<div class=\"elementor-widget-wrap elementor-element-populated\">\n\t\t\t\t\t\t<div class=\"elementor-element elementor-element-e33e2fc elementor-widget__width-initial elementor-widget elementor-widget-image\" data-id=\"e33e2fc\" data-element_type=\"widget\" data-e-type=\"widget\" data-widget_type=\"image.default\">\n\t\t\t\t<div class=\"elementor-widget-container\">\n\t\t\t\t\t\t\t\t\t\t\t\t\t\t\t<img decoding=\"async\" width=\"450\" height=\"338\" src=\"https:\/\/iluminacionnatural.artesolar.com\/wp-content\/uploads\/2023\/08\/BuildingSun.png\" class=\"attachment-large size-large wp-image-12160\" alt=\"\" srcset=\"https:\/\/iluminacionnatural.artesolar.com\/wp-content\/uploads\/2023\/08\/BuildingSun.png 450w, https:\/\/iluminacionnatural.artesolar.com\/wp-content\/uploads\/2023\/08\/BuildingSun-300x225.png 300w\" sizes=\"(max-width: 450px) 100vw, 450px\" \/>\t\t\t\t\t\t\t\t\t\t\t\t\t\t\t<\/div>\n\t\t\t\t<\/div>\n\t\t\t\t\t<\/div>\n\t\t<\/div>\n\t\t\t\t<div class=\"elementor-column elementor-col-66 elementor-top-column elementor-element elementor-element-6846d80\" data-id=\"6846d80\" data-element_type=\"column\" data-e-type=\"column\">\n\t\t\t<div class=\"elementor-widget-wrap elementor-element-populated\">\n\t\t\t\t\t\t<div class=\"elementor-element elementor-element-d553b6b elementor-widget elementor-widget-heading\" data-id=\"d553b6b\" data-element_type=\"widget\" data-e-type=\"widget\" data-widget_type=\"heading.default\">\n\t\t\t\t<div class=\"elementor-widget-container\">\n\t\t\t\t\t<h2 class=\"elementor-heading-title elementor-size-default\">Are we making good use of this energy?<\/h2>\t\t\t\t<\/div>\n\t\t\t\t<\/div>\n\t\t\t\t<div class=\"elementor-element elementor-element-5c0fd5c elementor-widget elementor-widget-text-editor\" data-id=\"5c0fd5c\" data-element_type=\"widget\" data-e-type=\"widget\" data-widget_type=\"text-editor.default\">\n\t\t\t\t<div class=\"elementor-widget-container\">\n\t\t\t\t\t\t\t\t\t<p>We see in the graph above that most of the energy we receive from the Sun is in the<strong> 300 to 1.300 nm<\/strong> area of the electromagnetic spectrum, which is doubly interesting:<br \/><span style=\"color: var( --e-global-color-57e5d6e ); font-family: var( --e-global-typography-text-font-family ), Sans-serif; font-size: var( --e-global-typography-text-font-size ); font-weight: var( --e-global-typography-text-font-weight ); letter-spacing: var(--letter-spacing);\">. The <\/span><strong style=\"color: var( --e-global-color-57e5d6e ); font-family: var( --e-global-typography-text-font-family ), Sans-serif; font-size: var( --e-global-typography-text-font-size ); letter-spacing: var(--letter-spacing);\">visible range<\/strong><span style=\"color: var( --e-global-color-57e5d6e ); font-family: var( --e-global-typography-text-font-family ), Sans-serif; font-size: var( --e-global-typography-text-font-size ); font-weight: var( --e-global-typography-text-font-weight ); letter-spacing: var(--letter-spacing);\"> is between 400 and 800nm<br \/><\/span><span style=\"color: var( --e-global-color-57e5d6e ); font-family: var( --e-global-typography-text-font-family ), Sans-serif; font-size: var( --e-global-typography-text-font-size ); font-weight: var( --e-global-typography-text-font-weight ); letter-spacing: var(--letter-spacing);\">. The working range of the <\/span><strong style=\"color: var( --e-global-color-57e5d6e ); font-family: var( --e-global-typography-text-font-family ), Sans-serif; font-size: var( --e-global-typography-text-font-size ); letter-spacing: var(--letter-spacing);\">photovoltaic technology<\/strong><span style=\"color: var( --e-global-color-57e5d6e ); font-family: var( --e-global-typography-text-font-family ), Sans-serif; font-size: var( --e-global-typography-text-font-size ); font-weight: var( --e-global-typography-text-font-weight ); letter-spacing: var(--letter-spacing);\"> is between 400 and 1.200 nm.<\/span><\/p><p>In other words, the energy we receive from the sun has great potential for saving energy through natural lighting systems and producing electricity with photovoltaic systems.<\/p><p>In fact, in recent decades, mankind has developed and reduced the cost of technologies that make it possible to <strong>transform 20% of the energy received from the sun into electricity<\/strong>.<\/p>\t\t\t\t\t\t\t\t<\/div>\n\t\t\t\t<\/div>\n\t\t\t\t\t<\/div>\n\t\t<\/div>\n\t\t\t\t\t<\/div>\n\t\t<\/section>\n\t\t\t\t<section class=\"elementor-section elementor-top-section elementor-element elementor-element-d4ebcad elementor-section-boxed elementor-section-height-default elementor-section-height-default\" data-id=\"d4ebcad\" data-element_type=\"section\" data-e-type=\"section\">\n\t\t\t\t\t\t<div class=\"elementor-container elementor-column-gap-default\">\n\t\t\t\t\t<div class=\"elementor-column elementor-col-100 elementor-top-column elementor-element elementor-element-aeaef4b\" data-id=\"aeaef4b\" data-element_type=\"column\" data-e-type=\"column\">\n\t\t\t<div class=\"elementor-widget-wrap elementor-element-populated\">\n\t\t\t\t\t\t<div class=\"elementor-element elementor-element-884e4be elementor-widget elementor-widget-heading\" data-id=\"884e4be\" data-element_type=\"widget\" data-e-type=\"widget\" data-widget_type=\"heading.default\">\n\t\t\t\t<div class=\"elementor-widget-container\">\n\t\t\t\t\t<h2 class=\"elementor-heading-title elementor-size-default\">Conclusions<\/h2>\t\t\t\t<\/div>\n\t\t\t\t<\/div>\n\t\t\t\t<div class=\"elementor-element elementor-element-97b9ff6 elementor-widget elementor-widget-text-editor\" data-id=\"97b9ff6\" data-element_type=\"widget\" data-e-type=\"widget\" data-widget_type=\"text-editor.default\">\n\t\t\t\t<div class=\"elementor-widget-container\">\n\t\t\t\t\t\t\t\t\t<p>Taking into account that a building in our country receives energy from the Sun of about <strong>2.000 kWh\/m<\/strong><strong><sup>2<\/sup><\/strong> per year and that its consumption is around <strong>200 kWh\/m<\/strong><strong><sup>2<\/sup><\/strong>&#8230; we wonder if we are not doing something wrong: the implementation of a good daylighting system could reduce the energy needs of a building by about 20 kWh\/m<sup>2<\/sup>, <strong>savings that could reach more than<\/strong> <strong>100 kWh\/m<\/strong><strong><sup>2<\/sup><\/strong> if combined with a photovoltaic system.<\/p>\t\t\t\t\t\t\t\t<\/div>\n\t\t\t\t<\/div>\n\t\t\t\t<div class=\"elementor-element elementor-element-7f2a606 elementor-widget elementor-widget-spacer\" data-id=\"7f2a606\" data-element_type=\"widget\" data-e-type=\"widget\" data-widget_type=\"spacer.default\">\n\t\t\t\t<div class=\"elementor-widget-container\">\n\t\t\t\t\t\t\t<div class=\"elementor-spacer\">\n\t\t\t<div class=\"elementor-spacer-inner\"><\/div>\n\t\t<\/div>\n\t\t\t\t\t\t<\/div>\n\t\t\t\t<\/div>\n\t\t\t\t\t<\/div>\n\t\t<\/div>\n\t\t\t\t\t<\/div>\n\t\t<\/section>\n\t\t\t\t<section class=\"elementor-section elementor-top-section elementor-element elementor-element-0f5e156 elementor-section-boxed elementor-section-height-default elementor-section-height-default\" data-id=\"0f5e156\" data-element_type=\"section\" data-e-type=\"section\" data-settings=\"{&quot;background_background&quot;:&quot;classic&quot;}\">\n\t\t\t\t\t\t<div class=\"elementor-container elementor-column-gap-default\">\n\t\t\t\t\t<div class=\"elementor-column elementor-col-100 elementor-top-column elementor-element elementor-element-5e75364\" data-id=\"5e75364\" data-element_type=\"column\" data-e-type=\"column\">\n\t\t\t<div class=\"elementor-widget-wrap elementor-element-populated\">\n\t\t\t\t\t\t<div class=\"elementor-element elementor-element-fc96455 elementor-widget elementor-widget-spacer\" data-id=\"fc96455\" data-element_type=\"widget\" data-e-type=\"widget\" data-widget_type=\"spacer.default\">\n\t\t\t\t<div class=\"elementor-widget-container\">\n\t\t\t\t\t\t\t<div class=\"elementor-spacer\">\n\t\t\t<div class=\"elementor-spacer-inner\"><\/div>\n\t\t<\/div>\n\t\t\t\t\t\t<\/div>\n\t\t\t\t<\/div>\n\t\t\t\t\t<\/div>\n\t\t<\/div>\n\t\t\t\t\t<\/div>\n\t\t<\/section>\n\t\t\t\t<section class=\"elementor-section elementor-top-section elementor-element elementor-element-78ec19d9 elementor-section-boxed elementor-section-height-default elementor-section-height-default\" data-id=\"78ec19d9\" data-element_type=\"section\" data-e-type=\"section\" data-settings=\"{&quot;background_background&quot;:&quot;classic&quot;}\">\n\t\t\t\t\t\t<div class=\"elementor-container elementor-column-gap-default\">\n\t\t\t\t\t<div class=\"elementor-column elementor-col-66 elementor-top-column elementor-element elementor-element-175682a\" data-id=\"175682a\" data-element_type=\"column\" data-e-type=\"column\">\n\t\t\t<div class=\"elementor-widget-wrap elementor-element-populated\">\n\t\t\t\t\t\t<div class=\"elementor-element elementor-element-527f92f elementor-widget elementor-widget-text-editor\" data-id=\"527f92f\" data-element_type=\"widget\" data-e-type=\"widget\" data-widget_type=\"text-editor.default\">\n\t\t\t\t<div class=\"elementor-widget-container\">\n\t\t\t\t\t\t\t\t\t<p>Author<\/p>\t\t\t\t\t\t\t\t<\/div>\n\t\t\t\t<\/div>\n\t\t\t\t<div class=\"elementor-element elementor-element-f1f418a elementor-widget elementor-widget-heading\" data-id=\"f1f418a\" data-element_type=\"widget\" data-e-type=\"widget\" data-widget_type=\"heading.default\">\n\t\t\t\t<div class=\"elementor-widget-container\">\n\t\t\t\t\t<h2 class=\"elementor-heading-title elementor-size-default\"><a href=\"https:\/\/www.linkedin.com\/in\/david-rodr%C3%ADguez-78b513133\/\" target=\"_blank\"><u>David Rodriguez<\/u><\/a><\/h2>\t\t\t\t<\/div>\n\t\t\t\t<\/div>\n\t\t\t\t<div class=\"elementor-element elementor-element-8dcea6c elementor-widget elementor-widget-text-editor\" data-id=\"8dcea6c\" data-element_type=\"widget\" data-e-type=\"widget\" data-widget_type=\"text-editor.default\">\n\t\t\t\t<div class=\"elementor-widget-container\">\n\t\t\t\t\t\t\t\t\t<p><span style=\"color: var( --e-global-color-57e5d6e ); font-family: var( --e-global-typography-text-font-family ), Sans-serif; font-size: var( --e-global-typography-text-font-size ); font-weight: var( --e-global-typography-text-font-weight ); letter-spacing: var(--letter-spacing);\">Director Artesolar Daylighting<br \/><\/span>Physicist and Electronic Engineer. WELL AP.\u00a0<br \/>Professionally involved in energy efficiency, sustainability and wellness in buildings, with 20 years of experience in photovoltaics, daylighting and BESS.<\/p>\t\t\t\t\t\t\t\t<\/div>\n\t\t\t\t<\/div>\n\t\t\t\t\t<\/div>\n\t\t<\/div>\n\t\t\t\t<div class=\"elementor-column elementor-col-33 elementor-top-column elementor-element elementor-element-a04888a\" data-id=\"a04888a\" data-element_type=\"column\" data-e-type=\"column\">\n\t\t\t<div class=\"elementor-widget-wrap elementor-element-populated\">\n\t\t\t\t\t\t<div class=\"elementor-element elementor-element-0bdf215 elementor-widget elementor-widget-text-editor\" data-id=\"0bdf215\" data-element_type=\"widget\" data-e-type=\"widget\" data-widget_type=\"text-editor.default\">\n\t\t\t\t<div class=\"elementor-widget-container\">\n\t\t\t\t\t\t\t\t\t<p>Share this article<\/p>\t\t\t\t\t\t\t\t<\/div>\n\t\t\t\t<\/div>\n\t\t\t\t<div class=\"elementor-element elementor-element-1eba75a elementor-widget elementor-widget-elementskit-social-share\" data-id=\"1eba75a\" data-element_type=\"widget\" data-e-type=\"widget\" data-widget_type=\"elementskit-social-share.default\">\n\t\t\t\t<div class=\"elementor-widget-container\">\n\t\t\t\t\t<div class=\"ekit-wid-con\" >\t\t<ul class=\"ekit_socialshare\">\n                            <li class=\"elementor-repeater-item-739eca2\" data-social=\"facebook\">\n                    <div class=\"facebook\">\n                        \n                        <i aria-hidden=\"true\" class=\"icon icon-facebook\"><\/i>                        \n                                                                                            <\/div>\n                <\/li>\n                                            <li class=\"elementor-repeater-item-a141752\" data-social=\"twitter\">\n                    <div class=\"twitter\">\n                        \n                        <i aria-hidden=\"true\" class=\"icon icon-twitter\"><\/i>                        \n                                                                                            <\/div>\n                <\/li>\n                                            <li class=\"elementor-repeater-item-d84d81e\" data-social=\"linkedin\">\n                    <div class=\"linkedin\">\n                        \n                        <i aria-hidden=\"true\" class=\"icon icon-linkedin\"><\/i>                        \n                                                                                            <\/div>\n                <\/li>\n                                    <\/ul>\n        <\/div>\t\t\t\t<\/div>\n\t\t\t\t<\/div>\n\t\t\t\t\t<\/div>\n\t\t<\/div>\n\t\t\t\t\t<\/div>\n\t\t<\/section>\n\t\t\t\t<section class=\"elementor-section elementor-top-section elementor-element elementor-element-14a368ac elementor-section-full_width elementor-section-height-default elementor-section-height-default\" data-id=\"14a368ac\" data-element_type=\"section\" data-e-type=\"section\" data-settings=\"{&quot;background_background&quot;:&quot;classic&quot;}\">\n\t\t\t\t\t\t<div class=\"elementor-container elementor-column-gap-default\">\n\t\t\t\t\t<div class=\"elementor-column elementor-col-100 elementor-top-column elementor-element elementor-element-5ed401a9\" data-id=\"5ed401a9\" data-element_type=\"column\" data-e-type=\"column\">\n\t\t\t<div class=\"elementor-widget-wrap elementor-element-populated\">\n\t\t\t\t\t\t<section class=\"elementor-section elementor-inner-section elementor-element elementor-element-3469ad38 elementor-section-boxed elementor-section-height-default elementor-section-height-default\" data-id=\"3469ad38\" data-element_type=\"section\" data-e-type=\"section\" data-settings=\"{&quot;background_background&quot;:&quot;classic&quot;}\">\n\t\t\t\t\t\t<div class=\"elementor-container elementor-column-gap-default\">\n\t\t\t\t\t<div class=\"elementor-column elementor-col-100 elementor-inner-column elementor-element elementor-element-120be692\" data-id=\"120be692\" data-element_type=\"column\" data-e-type=\"column\">\n\t\t\t<div class=\"elementor-widget-wrap elementor-element-populated\">\n\t\t\t\t<div class=\"elementor-element elementor-element-fd62c4c e-flex e-con-boxed e-con e-parent\" data-id=\"fd62c4c\" data-element_type=\"container\" data-e-type=\"container\">\n\t\t\t\t\t<div class=\"e-con-inner\">\n\t\t\t\t\t<\/div>\n\t\t\t\t<\/div>\n\t\t\t\t<div class=\"elementor-element elementor-element-4bd29505 elementor-widget elementor-widget-elementskit-heading\" data-id=\"4bd29505\" data-element_type=\"widget\" data-e-type=\"widget\" data-widget_type=\"elementskit-heading.default\">\n\t\t\t\t<div class=\"elementor-widget-container\">\n\t\t\t\t\t<div class=\"ekit-wid-con\" ><div class=\"ekit-heading elementskit-section-title-wraper text_left   ekit_heading_tablet-   ekit_heading_mobile-text_center\"><h3 class=\"ekit-heading--title elementskit-section-title \">Other <span><span>Articles<\/span><\/span><\/h3><div class=\"ekit_heading_separetor_wraper ekit_heading_elementskit-border-divider elementskit-style-long\"><div class=\"elementskit-border-divider elementskit-style-long\"><\/div><\/div><\/div><\/div>\t\t\t\t<\/div>\n\t\t\t\t<\/div>\n\t\t\t\t<div class=\"elementor-element elementor-element-f01493c premium-blog-align-left elementor-widget elementor-widget-premium-addon-blog\" data-id=\"f01493c\" data-element_type=\"widget\" data-e-type=\"widget\" data-settings=\"{&quot;force_height&quot;:&quot;true&quot;,&quot;premium_blog_grid&quot;:&quot;yes&quot;,&quot;premium_blog_layout&quot;:&quot;even&quot;,&quot;premium_blog_columns_number&quot;:&quot;50%&quot;,&quot;premium_blog_columns_number_tablet&quot;:&quot;50%&quot;,&quot;premium_blog_columns_number_mobile&quot;:&quot;100%&quot;}\" data-widget_type=\"premium-addon-blog.default\">\n\t\t\t\t<div class=\"elementor-widget-container\">\n\t\t\t\t\t\n\t\t\n\n\t\t\t\t<div class=\"premium-blog-wrap  premium-blog-even\" data-page=\"13674\">\n\t\t\t\t\t\t\t\t\t<div class=\"premium-blog-post-outer-container\" data-total=\"1\">\n\t\t\t<div class=\"premium-blog-post-container premium-blog-skin-modern\">\n\t\t\t\t\t\t\t\t\t<div class=\"premium-blog-thumb-effect-wrapper\">\n\t\t\t\t\t\t<div class=\"premium-blog-thumbnail-container premium-blog-zoomin-effect\">\n\t\t\t\t\t\t\t\t\t\t\t<a href=\"https:\/\/iluminacionnatural.artesolar.com\/en\/el-cuerpo-negro\/\" target=\"_self\">\n\t\t\t\t<img decoding=\"async\" width=\"731\" height=\"536\" src=\"https:\/\/iluminacionnatural.artesolar.com\/wp-content\/uploads\/2023\/09\/BlackBodySun.png\" class=\"attachment-full size-full wp-image-12161\" alt=\"\" srcset=\"https:\/\/iluminacionnatural.artesolar.com\/wp-content\/uploads\/2023\/09\/BlackBodySun.png 731w, https:\/\/iluminacionnatural.artesolar.com\/wp-content\/uploads\/2023\/09\/BlackBodySun-300x220.png 300w\" sizes=\"(max-width: 731px) 100vw, 731px\" \/>\t\t\t\t<\/a>\n\t\t\t\t\t\t\t\t\t\t<\/div>\n\t\t\t\t\t\t\t\t\t\t\t\t\t<div class=\"premium-blog-effect-container premium-blog-diagonal-effect\">\n\t\t\t\t\t\t\t\t<a class=\"premium-blog-post-link\" href=\"https:\/\/iluminacionnatural.artesolar.com\/en\/el-cuerpo-negro\/\" target=\"_self\"><span>El cuerpo negro<\/span><\/a>\n\t\t\t\t\t\t\t\t\t\t\t\t\t\t\t<\/div>\n\t\t\t\t\t\t\t\t\t\t\t<\/div>\n\t\t\t\t\t\t\t\t\t\t\t\t<div class=\"premium-blog-content-wrapper \">\n\n\t\t\t\t\t<div class=\"premium-blog-inner-container\">\n\n\t\t\t\t\t\t\t\t\t\t\t\t\t\t<p class=\"premium-blog-entry-title\">\n\t\t\t<a href=\"https:\/\/iluminacionnatural.artesolar.com\/en\/el-cuerpo-negro\/\" target=\"_self\">\n\t\t\t\tEl cuerpo negro\t\t\t<\/a>\n\t\t<\/p>\n\t\t\t\t<div class=\"premium-blog-entry-meta\">\n\t\t\t\n\t\t\t\n\t\t\t\n\t\t\t\t\t<\/div>\n\t\t\n\t\t\t\t\t<\/div>\n\n\t\t\t\t\t\t\t<div class=\"premium-blog-content-inner-wrapper\">\n\t\t<p class=\"premium-blog-post-content\">El CUERPO NEGRO Hemos o\u00eddo muchas veces este t\u00e9rmino, tan importante en el mundo de la iluminaci\u00f3n\u2026 pero \u00bftenemos claro de \u2026<\/p>\t\t<\/div>\n\t\t\t\t\t\t\t\n\t\t\t\t<\/div>\n\t\t\t<\/div>\n\t\t<\/div>\n\n\t\t\t\t\t\t\t<\/div>\n\n\t\t\n\t\t\n\t\t\t\t\t\t<\/div>\n\t\t\t\t<\/div>\n\t\t\t\t\t<\/div>\n\t\t<\/div>\n\t\t\t\t\t<\/div>\n\t\t<\/section>\n\t\t\t\t\t<\/div>\n\t\t<\/div>\n\t\t\t\t\t<\/div>\n\t\t<\/section>\n\t\t\t\t<\/div>\n\t\t","protected":false},"excerpt":{"rendered":"<p>The power of the Sun The Sun is our source of energy, on which life on this planet depends directly and indirectly&#8230; but how much energy does the Sun reach us? Could we make better use of it? Let&#8217;s have a look at some numbers Every second the Sun converts 700 million tons of Hydrogen [&hellip;]<\/p>\n","protected":false},"author":2,"featured_media":12243,"comment_status":"closed","ping_status":"closed","sticky":false,"template":"elementor_header_footer","format":"standard","meta":{"footnotes":""},"categories":[285],"tags":[286],"class_list":["post-13674","post","type-post","status-publish","format-standard","has-post-thumbnail","hentry","category-gral","tag-luz-natural"],"yoast_head":"<!-- This site is optimized with the Yoast SEO plugin v27.4 - https:\/\/yoast.com\/product\/yoast-seo-wordpress\/ -->\n<title>The power of the Sun<\/title>\n<meta name=\"robots\" content=\"index, follow, max-snippet:-1, max-image-preview:large, max-video-preview:-1\" \/>\n<link rel=\"canonical\" href=\"https:\/\/iluminacionnatural.artesolar.com\/en\/el-poder-del-sol\/\" \/>\n<meta property=\"og:locale\" content=\"en_US\" \/>\n<meta property=\"og:type\" content=\"article\" \/>\n<meta property=\"og:title\" content=\"The power of the Sun\" \/>\n<meta property=\"og:description\" content=\"The power of the Sun The Sun is our source of energy, on which life on this planet depends directly and indirectly&#8230; but how much energy does the Sun reach us? Could we make better use of it? Let&#8217;s have a look at some numbers Every second the Sun converts 700 million tons of Hydrogen [&hellip;]\" \/>\n<meta property=\"og:url\" content=\"https:\/\/iluminacionnatural.artesolar.com\/en\/el-poder-del-sol\/\" \/>\n<meta property=\"og:site_name\" content=\"Iluminaci\u00f3n profesional y proyectos | Artesolar\" \/>\n<meta property=\"article:published_time\" content=\"2023-08-15T09:32:26+00:00\" \/>\n<meta property=\"article:modified_time\" content=\"2026-04-16T08:28:04+00:00\" \/>\n<meta property=\"og:image\" content=\"https:\/\/iluminacionnatural.artesolar.com\/wp-content\/uploads\/2023\/08\/Sol2.jpg\" \/>\n\t<meta property=\"og:image:width\" content=\"1424\" \/>\n\t<meta property=\"og:image:height\" content=\"977\" \/>\n\t<meta property=\"og:image:type\" content=\"image\/jpeg\" \/>\n<meta name=\"author\" content=\"David\" \/>\n<meta name=\"twitter:card\" content=\"summary_large_image\" \/>\n<meta name=\"twitter:label1\" content=\"Written by\" \/>\n\t<meta name=\"twitter:data1\" content=\"David\" \/>\n\t<meta name=\"twitter:label2\" content=\"Est. reading time\" \/>\n\t<meta name=\"twitter:data2\" content=\"3 minutes\" \/>\n<script type=\"application\/ld+json\" class=\"yoast-schema-graph\">{\"@context\":\"https:\\\/\\\/schema.org\",\"@graph\":[{\"@type\":\"Article\",\"@id\":\"https:\\\/\\\/iluminacionnatural.artesolar.com\\\/en\\\/el-poder-del-sol\\\/#article\",\"isPartOf\":{\"@id\":\"https:\\\/\\\/iluminacionnatural.artesolar.com\\\/en\\\/el-poder-del-sol\\\/\"},\"author\":{\"name\":\"David\",\"@id\":\"https:\\\/\\\/iluminacionnatural.artesolar.com\\\/en\\\/#\\\/schema\\\/person\\\/d146b5249f449910b98ba515d8623c81\"},\"headline\":\"The power of the Sun\",\"datePublished\":\"2023-08-15T09:32:26+00:00\",\"dateModified\":\"2026-04-16T08:28:04+00:00\",\"mainEntityOfPage\":{\"@id\":\"https:\\\/\\\/iluminacionnatural.artesolar.com\\\/en\\\/el-poder-del-sol\\\/\"},\"wordCount\":510,\"publisher\":{\"@id\":\"https:\\\/\\\/iluminacionnatural.artesolar.com\\\/en\\\/#organization\"},\"image\":{\"@id\":\"https:\\\/\\\/iluminacionnatural.artesolar.com\\\/en\\\/el-poder-del-sol\\\/#primaryimage\"},\"thumbnailUrl\":\"https:\\\/\\\/iluminacionnatural.artesolar.com\\\/wp-content\\\/uploads\\\/2023\\\/08\\\/Sol2.jpg\",\"keywords\":[\"luz natural\"],\"articleSection\":[\"Conceptos generales\"],\"inLanguage\":\"en-US\"},{\"@type\":\"WebPage\",\"@id\":\"https:\\\/\\\/iluminacionnatural.artesolar.com\\\/en\\\/el-poder-del-sol\\\/\",\"url\":\"https:\\\/\\\/iluminacionnatural.artesolar.com\\\/en\\\/el-poder-del-sol\\\/\",\"name\":\"The power of the Sun\",\"isPartOf\":{\"@id\":\"https:\\\/\\\/iluminacionnatural.artesolar.com\\\/en\\\/#website\"},\"primaryImageOfPage\":{\"@id\":\"https:\\\/\\\/iluminacionnatural.artesolar.com\\\/en\\\/el-poder-del-sol\\\/#primaryimage\"},\"image\":{\"@id\":\"https:\\\/\\\/iluminacionnatural.artesolar.com\\\/en\\\/el-poder-del-sol\\\/#primaryimage\"},\"thumbnailUrl\":\"https:\\\/\\\/iluminacionnatural.artesolar.com\\\/wp-content\\\/uploads\\\/2023\\\/08\\\/Sol2.jpg\",\"datePublished\":\"2023-08-15T09:32:26+00:00\",\"dateModified\":\"2026-04-16T08:28:04+00:00\",\"breadcrumb\":{\"@id\":\"https:\\\/\\\/iluminacionnatural.artesolar.com\\\/en\\\/el-poder-del-sol\\\/#breadcrumb\"},\"inLanguage\":\"en-US\",\"potentialAction\":[{\"@type\":\"ReadAction\",\"target\":[\"https:\\\/\\\/iluminacionnatural.artesolar.com\\\/en\\\/el-poder-del-sol\\\/\"]}]},{\"@type\":\"ImageObject\",\"inLanguage\":\"en-US\",\"@id\":\"https:\\\/\\\/iluminacionnatural.artesolar.com\\\/en\\\/el-poder-del-sol\\\/#primaryimage\",\"url\":\"https:\\\/\\\/iluminacionnatural.artesolar.com\\\/wp-content\\\/uploads\\\/2023\\\/08\\\/Sol2.jpg\",\"contentUrl\":\"https:\\\/\\\/iluminacionnatural.artesolar.com\\\/wp-content\\\/uploads\\\/2023\\\/08\\\/Sol2.jpg\",\"width\":1424,\"height\":977},{\"@type\":\"BreadcrumbList\",\"@id\":\"https:\\\/\\\/iluminacionnatural.artesolar.com\\\/en\\\/el-poder-del-sol\\\/#breadcrumb\",\"itemListElement\":[{\"@type\":\"ListItem\",\"position\":1,\"name\":\"Portada\",\"item\":\"https:\\\/\\\/iluminacionnatural.artesolar.com\\\/en\\\/\"},{\"@type\":\"ListItem\",\"position\":2,\"name\":\"The power of the Sun\"}]},{\"@type\":\"WebSite\",\"@id\":\"https:\\\/\\\/iluminacionnatural.artesolar.com\\\/en\\\/#website\",\"url\":\"https:\\\/\\\/iluminacionnatural.artesolar.com\\\/en\\\/\",\"name\":\"Claraboya microprism\u00e1tica Sunoptics\",\"description\":\"Artesolar, empresa l\u00edder en iluminaci\u00f3n profesional y asesoramiento lum\u00ednico. Somos frabricantes de luminarias con la m\u00e1s avanzada tecnolog\u00eda LED.\",\"publisher\":{\"@id\":\"https:\\\/\\\/iluminacionnatural.artesolar.com\\\/en\\\/#organization\"},\"potentialAction\":[{\"@type\":\"SearchAction\",\"target\":{\"@type\":\"EntryPoint\",\"urlTemplate\":\"https:\\\/\\\/iluminacionnatural.artesolar.com\\\/en\\\/?s={search_term_string}\"},\"query-input\":{\"@type\":\"PropertyValueSpecification\",\"valueRequired\":true,\"valueName\":\"search_term_string\"}}],\"inLanguage\":\"en-US\"},{\"@type\":\"Organization\",\"@id\":\"https:\\\/\\\/iluminacionnatural.artesolar.com\\\/en\\\/#organization\",\"name\":\"Artesolar Daylighting\",\"url\":\"https:\\\/\\\/iluminacionnatural.artesolar.com\\\/en\\\/\",\"logo\":{\"@type\":\"ImageObject\",\"inLanguage\":\"en-US\",\"@id\":\"https:\\\/\\\/iluminacionnatural.artesolar.com\\\/en\\\/#\\\/schema\\\/logo\\\/image\\\/\",\"url\":\"https:\\\/\\\/iluminacionnatural.artesolar.com\\\/wp-content\\\/uploads\\\/2023\\\/06\\\/cropped-logo-500px-1.png\",\"contentUrl\":\"https:\\\/\\\/iluminacionnatural.artesolar.com\\\/wp-content\\\/uploads\\\/2023\\\/06\\\/cropped-logo-500px-1.png\",\"width\":500,\"height\":85,\"caption\":\"Artesolar Daylighting\"},\"image\":{\"@id\":\"https:\\\/\\\/iluminacionnatural.artesolar.com\\\/en\\\/#\\\/schema\\\/logo\\\/image\\\/\"}},{\"@type\":\"Person\",\"@id\":\"https:\\\/\\\/iluminacionnatural.artesolar.com\\\/en\\\/#\\\/schema\\\/person\\\/d146b5249f449910b98ba515d8623c81\",\"name\":\"David\",\"image\":{\"@type\":\"ImageObject\",\"inLanguage\":\"en-US\",\"@id\":\"https:\\\/\\\/secure.gravatar.com\\\/avatar\\\/c5d3ac79050f3d5aa04d9a06b4f37007c53d9c0b10a166750c5b2590b3c517f6?s=96&d=mm&r=g\",\"url\":\"https:\\\/\\\/secure.gravatar.com\\\/avatar\\\/c5d3ac79050f3d5aa04d9a06b4f37007c53d9c0b10a166750c5b2590b3c517f6?s=96&d=mm&r=g\",\"contentUrl\":\"https:\\\/\\\/secure.gravatar.com\\\/avatar\\\/c5d3ac79050f3d5aa04d9a06b4f37007c53d9c0b10a166750c5b2590b3c517f6?s=96&d=mm&r=g\",\"caption\":\"David\"},\"url\":\"https:\\\/\\\/iluminacionnatural.artesolar.com\\\/en\\\/author\\\/david\\\/\"}]}<\/script>\n<!-- \/ Yoast SEO plugin. -->","yoast_head_json":{"title":"The power of the Sun","robots":{"index":"index","follow":"follow","max-snippet":"max-snippet:-1","max-image-preview":"max-image-preview:large","max-video-preview":"max-video-preview:-1"},"canonical":"https:\/\/iluminacionnatural.artesolar.com\/en\/el-poder-del-sol\/","og_locale":"en_US","og_type":"article","og_title":"The power of the Sun","og_description":"The power of the Sun The Sun is our source of energy, on which life on this planet depends directly and indirectly&#8230; but how much energy does the Sun reach us? Could we make better use of it? Let&#8217;s have a look at some numbers Every second the Sun converts 700 million tons of Hydrogen [&hellip;]","og_url":"https:\/\/iluminacionnatural.artesolar.com\/en\/el-poder-del-sol\/","og_site_name":"Iluminaci\u00f3n profesional y proyectos | Artesolar","article_published_time":"2023-08-15T09:32:26+00:00","article_modified_time":"2026-04-16T08:28:04+00:00","og_image":[{"width":1424,"height":977,"url":"https:\/\/iluminacionnatural.artesolar.com\/wp-content\/uploads\/2023\/08\/Sol2.jpg","type":"image\/jpeg"}],"author":"David","twitter_card":"summary_large_image","twitter_misc":{"Written by":"David","Est. reading time":"3 minutes"},"schema":{"@context":"https:\/\/schema.org","@graph":[{"@type":"Article","@id":"https:\/\/iluminacionnatural.artesolar.com\/en\/el-poder-del-sol\/#article","isPartOf":{"@id":"https:\/\/iluminacionnatural.artesolar.com\/en\/el-poder-del-sol\/"},"author":{"name":"David","@id":"https:\/\/iluminacionnatural.artesolar.com\/en\/#\/schema\/person\/d146b5249f449910b98ba515d8623c81"},"headline":"The power of the Sun","datePublished":"2023-08-15T09:32:26+00:00","dateModified":"2026-04-16T08:28:04+00:00","mainEntityOfPage":{"@id":"https:\/\/iluminacionnatural.artesolar.com\/en\/el-poder-del-sol\/"},"wordCount":510,"publisher":{"@id":"https:\/\/iluminacionnatural.artesolar.com\/en\/#organization"},"image":{"@id":"https:\/\/iluminacionnatural.artesolar.com\/en\/el-poder-del-sol\/#primaryimage"},"thumbnailUrl":"https:\/\/iluminacionnatural.artesolar.com\/wp-content\/uploads\/2023\/08\/Sol2.jpg","keywords":["luz natural"],"articleSection":["Conceptos generales"],"inLanguage":"en-US"},{"@type":"WebPage","@id":"https:\/\/iluminacionnatural.artesolar.com\/en\/el-poder-del-sol\/","url":"https:\/\/iluminacionnatural.artesolar.com\/en\/el-poder-del-sol\/","name":"The power of the Sun","isPartOf":{"@id":"https:\/\/iluminacionnatural.artesolar.com\/en\/#website"},"primaryImageOfPage":{"@id":"https:\/\/iluminacionnatural.artesolar.com\/en\/el-poder-del-sol\/#primaryimage"},"image":{"@id":"https:\/\/iluminacionnatural.artesolar.com\/en\/el-poder-del-sol\/#primaryimage"},"thumbnailUrl":"https:\/\/iluminacionnatural.artesolar.com\/wp-content\/uploads\/2023\/08\/Sol2.jpg","datePublished":"2023-08-15T09:32:26+00:00","dateModified":"2026-04-16T08:28:04+00:00","breadcrumb":{"@id":"https:\/\/iluminacionnatural.artesolar.com\/en\/el-poder-del-sol\/#breadcrumb"},"inLanguage":"en-US","potentialAction":[{"@type":"ReadAction","target":["https:\/\/iluminacionnatural.artesolar.com\/en\/el-poder-del-sol\/"]}]},{"@type":"ImageObject","inLanguage":"en-US","@id":"https:\/\/iluminacionnatural.artesolar.com\/en\/el-poder-del-sol\/#primaryimage","url":"https:\/\/iluminacionnatural.artesolar.com\/wp-content\/uploads\/2023\/08\/Sol2.jpg","contentUrl":"https:\/\/iluminacionnatural.artesolar.com\/wp-content\/uploads\/2023\/08\/Sol2.jpg","width":1424,"height":977},{"@type":"BreadcrumbList","@id":"https:\/\/iluminacionnatural.artesolar.com\/en\/el-poder-del-sol\/#breadcrumb","itemListElement":[{"@type":"ListItem","position":1,"name":"Portada","item":"https:\/\/iluminacionnatural.artesolar.com\/en\/"},{"@type":"ListItem","position":2,"name":"The power of the Sun"}]},{"@type":"WebSite","@id":"https:\/\/iluminacionnatural.artesolar.com\/en\/#website","url":"https:\/\/iluminacionnatural.artesolar.com\/en\/","name":"Claraboya microprism\u00e1tica Sunoptics","description":"Artesolar, empresa l\u00edder en iluminaci\u00f3n profesional y asesoramiento lum\u00ednico. Somos frabricantes de luminarias con la m\u00e1s avanzada tecnolog\u00eda LED.","publisher":{"@id":"https:\/\/iluminacionnatural.artesolar.com\/en\/#organization"},"potentialAction":[{"@type":"SearchAction","target":{"@type":"EntryPoint","urlTemplate":"https:\/\/iluminacionnatural.artesolar.com\/en\/?s={search_term_string}"},"query-input":{"@type":"PropertyValueSpecification","valueRequired":true,"valueName":"search_term_string"}}],"inLanguage":"en-US"},{"@type":"Organization","@id":"https:\/\/iluminacionnatural.artesolar.com\/en\/#organization","name":"Artesolar Daylighting","url":"https:\/\/iluminacionnatural.artesolar.com\/en\/","logo":{"@type":"ImageObject","inLanguage":"en-US","@id":"https:\/\/iluminacionnatural.artesolar.com\/en\/#\/schema\/logo\/image\/","url":"https:\/\/iluminacionnatural.artesolar.com\/wp-content\/uploads\/2023\/06\/cropped-logo-500px-1.png","contentUrl":"https:\/\/iluminacionnatural.artesolar.com\/wp-content\/uploads\/2023\/06\/cropped-logo-500px-1.png","width":500,"height":85,"caption":"Artesolar Daylighting"},"image":{"@id":"https:\/\/iluminacionnatural.artesolar.com\/en\/#\/schema\/logo\/image\/"}},{"@type":"Person","@id":"https:\/\/iluminacionnatural.artesolar.com\/en\/#\/schema\/person\/d146b5249f449910b98ba515d8623c81","name":"David","image":{"@type":"ImageObject","inLanguage":"en-US","@id":"https:\/\/secure.gravatar.com\/avatar\/c5d3ac79050f3d5aa04d9a06b4f37007c53d9c0b10a166750c5b2590b3c517f6?s=96&d=mm&r=g","url":"https:\/\/secure.gravatar.com\/avatar\/c5d3ac79050f3d5aa04d9a06b4f37007c53d9c0b10a166750c5b2590b3c517f6?s=96&d=mm&r=g","contentUrl":"https:\/\/secure.gravatar.com\/avatar\/c5d3ac79050f3d5aa04d9a06b4f37007c53d9c0b10a166750c5b2590b3c517f6?s=96&d=mm&r=g","caption":"David"},"url":"https:\/\/iluminacionnatural.artesolar.com\/en\/author\/david\/"}]}},"_links":{"self":[{"href":"https:\/\/iluminacionnatural.artesolar.com\/en\/wp-json\/wp\/v2\/posts\/13674","targetHints":{"allow":["GET"]}}],"collection":[{"href":"https:\/\/iluminacionnatural.artesolar.com\/en\/wp-json\/wp\/v2\/posts"}],"about":[{"href":"https:\/\/iluminacionnatural.artesolar.com\/en\/wp-json\/wp\/v2\/types\/post"}],"author":[{"embeddable":true,"href":"https:\/\/iluminacionnatural.artesolar.com\/en\/wp-json\/wp\/v2\/users\/2"}],"replies":[{"embeddable":true,"href":"https:\/\/iluminacionnatural.artesolar.com\/en\/wp-json\/wp\/v2\/comments?post=13674"}],"version-history":[{"count":11,"href":"https:\/\/iluminacionnatural.artesolar.com\/en\/wp-json\/wp\/v2\/posts\/13674\/revisions"}],"predecessor-version":[{"id":13696,"href":"https:\/\/iluminacionnatural.artesolar.com\/en\/wp-json\/wp\/v2\/posts\/13674\/revisions\/13696"}],"wp:featuredmedia":[{"embeddable":true,"href":"https:\/\/iluminacionnatural.artesolar.com\/en\/wp-json\/wp\/v2\/media\/12243"}],"wp:attachment":[{"href":"https:\/\/iluminacionnatural.artesolar.com\/en\/wp-json\/wp\/v2\/media?parent=13674"}],"wp:term":[{"taxonomy":"category","embeddable":true,"href":"https:\/\/iluminacionnatural.artesolar.com\/en\/wp-json\/wp\/v2\/categories?post=13674"},{"taxonomy":"post_tag","embeddable":true,"href":"https:\/\/iluminacionnatural.artesolar.com\/en\/wp-json\/wp\/v2\/tags?post=13674"}],"curies":[{"name":"wp","href":"https:\/\/api.w.org\/{rel}","templated":true}]}}